{"id":1013,"date":"2024-08-31T08:32:56","date_gmt":"2024-08-31T08:32:56","guid":{"rendered":"https:\/\/dokunulmaz.com.tr\/?p=1013"},"modified":"2024-09-30T08:35:30","modified_gmt":"2024-09-30T08:35:30","slug":"ozel-uzman-yevgeny-prigozhinin-olumunun-vladimir-putinin-en-buyuk-rakibine-fayda-saglayacagini-soyluyor","status":"publish","type":"post","link":"https:\/\/dokunulmaz.com.tr\/?p=1013","title":{"rendered":"\u00d6ZEL: Uzman, Yevgeny Prigozhin&#8217;in \u00f6l\u00fcm\u00fcn\u00fcn Vladimir Putin&#8217;in &#8220;en b\u00fcy\u00fck rakibine&#8221; fayda sa\u011flayaca\u011f\u0131n\u0131 s\u00f6yl\u00fcyor"},"content":{"rendered":"<p>Wagner Grubu\u2019nun \u00fcnl\u00fc paral\u0131 asker lideri Yevgeniy Prigozhin\u2019i ta\u015f\u0131d\u0131\u011f\u0131 d\u00fc\u015f\u00fcn\u00fclen bir \u00f6zel jet Rusya\u2019da d\u00fc\u015ft\u00fc, u\u00e7akta bulunan 10 ki\u015finin tamam\u0131 hayat\u0131n\u0131 kaybetti. Bu olay, gizemli ko\u015fullar alt\u0131nda ger\u00e7ekle\u015fen Prigozhin\u2019in \u00f6l\u00fcm\u00fc hakk\u0131nda spek\u00fclasyonlar\u0131 art\u0131rd\u0131.<\/p>\n<p>Bir\u00e7ok ki\u015fi, d\u00fc\u015fmanlar\u0131n\u0131n gizemli \u015fekilde ortadan kayboldu\u011fu veya \u00f6ld\u00fc\u011f\u00fc bilinen Rusya Devlet Ba\u015fkan\u0131 Vladimir Putin\u2019e bak\u0131yor. Ancak bir jeopolitik uzman, Prigozhin\u2019in \u00f6l\u00fcm\u00fcnden yaln\u0131zca Putin\u2019in fayda sa\u011flamad\u0131\u011f\u0131n\u0131 belirtiyor.<\/p>\n<p>&#8220;Wagner, Rusya i\u00e7inde daha b\u00fcy\u00fck bir m\u00fccadelenin temsilcisi. Rusya Federasyonu kadar \u00e7ok say\u0131da hareketli par\u00e7aya sahip ba\u015fka bir \u00fclke yok. Gittikleri y\u00f6n, Rusya Federasyonu i\u00e7indeki kurumsal bir \u00e7at\u0131\u015fmad\u0131r,&#8221; diye a\u00e7\u0131kl\u0131yor \u0130stanbul merkezli bir uzmanl\u0131k \u015firketinin CEO\u2019su ve jeopolitik stratejist Alp Sevimlisoy, The Mirror\u2019a.<\/p>\n<p>&#8220;Ba\u015flang\u0131\u00e7tan beri farkl\u0131 anlat\u0131lar ve g\u00f6r\u00fc\u015fler g\u00f6rd\u00fck ve \u00fc\u00e7\u00fcnc\u00fc bir taraf olarak Wagner ortaya \u00e7\u0131kt\u0131. Wagner, bu kal\u0131plardan hi\u00e7birine tam olarak uymad\u0131. \u015eu anda Rusya\u2019da sonu\u00e7lar\u0131n ad\u0131m ad\u0131m oynand\u0131\u011f\u0131n\u0131 g\u00f6r\u00fcyoruz,&#8221; diye ekledi Sevimlisoy.<\/p>\n<p>Rusya Sivil Havac\u0131l\u0131k Kurumu, Prigozhin ve sa\u011f kolu Dmitry Utkin\u2019in u\u00e7akta oldu\u011funu resmen a\u00e7\u0131klad\u0131. Wagner ba\u011flant\u0131l\u0131 Grey Zone Telegram kanal\u0131 da liderlerinin cesedinin enkazda bulundu\u011funu bildirdi.<\/p>\n<p>Putin\u2019in Prigozhin\u2019in \u00f6l\u00fcm\u00fcndeki rol\u00fc soruldu\u011funda, jeopolitik stratejist, bu \u00f6l\u00fcmden fayda sa\u011flayacak taraf\u0131n Wagner\u2019in yok edilmesinden en \u00e7ok \u00e7\u0131kar\u0131 olan oldu\u011funu a\u00e7\u0131klad\u0131. \u201cWagner, GRU ve Rus istihbarat\u0131 i\u00e7in s\u00fcrekli bir sorun te\u015fkil eden \u00fc\u00e7\u00fcnc\u00fc bir yoldu. Bug\u00fcn bunu kimin yapt\u0131\u011f\u0131na bakmaktansa, Wagner kaynaklar\u0131n\u0131n konsolidasyonundan kimin fayda sa\u011flayaca\u011f\u0131n\u0131 g\u00f6rmeliyiz,&#8221; dedi.<\/p>\n<p>Prigozhin\u2019in \u00f6l\u00fcm\u00fc Putin ve Rusya i\u00e7in ne anlama geliyor? Sevimlisoy \u015funlar\u0131 ekledi: &#8220;Wagner, yerel h\u00fck\u00fcmetler ve Afrika\u2019n\u0131n g\u00fcneyinden kehribar b\u00f6lgesine kadar uzanan madencilik kaynaklar\u0131yla \u00e7ok y\u00f6nl\u00fc bir varl\u0131k, bu da Rusya Federasyonu&#8217;nun devlet varl\u0131klar\u0131na besleniyor. [Sorulmas\u0131 gereken] bu emilimin nerede ger\u00e7ekle\u015fece\u011fi.&#8221;<\/p>\n<p>&#8220;GRU, Wagner grubunun kal\u0131nt\u0131lar\u0131n\u0131 devralacak. GRU, Rusya Federasyonu i\u00e7indeki en g\u00fc\u00e7l\u00fc kurum. Putin\u2019in en b\u00fcy\u00fck rakibi \u015fimdi GRU, kaynaklar, maddi g\u00fc\u00e7 ve insan a\u00e7\u0131s\u0131ndan. GRU\u2019nun farkl\u0131 bir d\u00fcnya g\u00f6r\u00fc\u015f\u00fc var.&#8221;<\/p>\n<p>Ukrayna Parlamentosu Komitesi Ba\u015fkan Dan\u0131\u015fman\u0131 ve Uluslararas\u0131 Ukrayna Kalk\u0131nma Vakf\u0131 Ba\u015fkan\u0131 Mykola Volkivskyi ise The Mirror\u2019a \u015funlar\u0131 s\u00f6yledi: &#8220;Bug\u00fcn, s\u00f6zde Prigozhin darbesinin ba\u015flamas\u0131n\u0131n \u00fczerinden tam iki ay ge\u00e7ti. O d\u00f6nemde, Prigozhin\u2019in eylemleri Putin\u2019in imaj\u0131na b\u00fcy\u00fck bir darbe vurdu. Onun &#8216;g\u00fc\u00e7l\u00fc lider&#8217; olarak itibar\u0131, d\u00fcnyan\u0131n g\u00f6zleri \u00f6n\u00fcnde ger\u00e7ekle\u015fen bu g\u00f6steri\u015fli \u00e7at\u0131\u015fmay\u0131 kontrol edememesi nedeniyle \u00f6nemli \u00f6l\u00e7\u00fcde zedelendi.&#8221;<\/p>\n<p>&#8220;Buna ba\u011fl\u0131 olarak, Rusya i\u00e7indeki durumu etkileme yetene\u011fi azald\u0131. Darbeden sonra Putin art\u0131k dokunulmaz g\u00f6r\u00fcnm\u00fcyordu. Bu, Putin\u2019in Rusya\u2019daki 24 y\u0131ll\u0131k fiili y\u00f6netimi boyunca ilk kez ya\u015fanan bir olay. Putin\u2019in elinde art\u0131k eskisi kadar \u00e7ok \u015fey kalmad\u0131; insan, para, silah ve etki \u2013 bunlar\u0131n hepsi sadece sava\u015f\u0131 s\u00fcrd\u00fcrmesini de\u011fil, ayn\u0131 zamanda Rusya\u2019da durumu kontrol alt\u0131nda tutmas\u0131n\u0131 sa\u011fl\u0131yordu.&#8221;<\/p>\n<p>&#8220;Bu \u00f6l\u00fcm, Putin\u2019in intikam\u0131 olabilir ve bunu tam iki ay sonra ba\u015far\u0131yla ger\u00e7ekle\u015ftirmi\u015f olabilir.&#8221;<\/p>\n<p>Rusya\u2019n\u0131n Ukrayna i\u015fgali hakk\u0131nda ne olacak? Her iki uzman da bunun Ukrayna i\u00e7in olumlu oldu\u011funu d\u00fc\u015f\u00fcn\u00fcyor. Siyasi uzmanlar\u0131 \u015fa\u015f\u0131rtan bir di\u011fer nokta, &#8220;Ukrayna\u2019n\u0131n yeni teknolojik kaynaklara ne kadar h\u0131zl\u0131 adapte oldu\u011fudur.&#8221; Sevimlisoy, &#8220;Bu silahlar hakk\u0131nda konu\u015furken, bunlar\u0131n teknolojik olarak kapsaml\u0131 oldu\u011funu unutmay\u0131n ve ordular\u0131n bu silahlar\u0131 kullanmay\u0131 \u00f6\u011frenmesi y\u0131llar al\u0131r,&#8221; diye a\u00e7\u0131kl\u0131yor.<\/p>\n<p>&#8220;Bu geli\u015fme, Ukrayna\u2019n\u0131n NATO\u2019ya kat\u0131lmas\u0131 gerekti\u011finin a\u00e7\u0131k bir \u00f6rne\u011fidir. Rusya\u2019ya kar\u015f\u0131 durabilen ve sava\u015fta bu kadar yetkin olan herhangi bir \u00fclke, aday olmay\u0131 hak eder,&#8221; diye ekliyor Sevimlisoy. &#8220;Sonu\u00e7 olarak K\u0131r\u0131m\u2019\u0131n yeniden Ukrayna\u2019ya entegrasyonu sa\u011flanabilir.&#8221;<\/p>\n<p>&#8220;Ukrayna\u2019ya sava\u015f boyunca en \u00e7ok destek veren \u00fc\u00e7 \u00fclke ABD, \u0130ngiltere ve T\u00fcrkiye\u2019dir. T\u00fcrkiye, Ukrayna\u2019ya teknoloji deste\u011finde bulunan en aktif \u00fclkelerden biri ve art\u0131k b\u00f6lgedeki en g\u00fc\u00e7l\u00fc askeri g\u00fc\u00e7 konumundad\u0131r. NATO ve Ukrayna \u00e7er\u00e7evesinde ve Rusya\u2019ya bakarak ilerlerken, Wagner\u2019in liderli\u011finin yok olmas\u0131yla tek bir anlat\u0131n\u0131n ortaya \u00e7\u0131k\u0131\u015f\u0131n\u0131 g\u00f6rece\u011fiz.&#8221;<\/p>\n<p>&#8220;Bundan sonra NATO olarak odak noktam\u0131z Rusya\u2019n\u0131n Karadeniz \u00e7evresindeki askeri tesislerini hedef almak olmal\u0131d\u0131r, ayr\u0131ca T\u00fcrkiye, Ukrayna ve Rusya aras\u0131nda imzalanan tah\u0131l anla\u015fmas\u0131 da yeniden \u015fekillendirilmelidir. [Anla\u015fma] Rusya olmadan, Ukrayna ve T\u00fcrkiye aras\u0131nda yap\u0131lmal\u0131d\u0131r.&#8221;<\/p>\n<p>T\u00fcrkiye, bu geli\u015fmelerle g\u00fcvenlik ve kontrol sa\u011flayabilir.<\/p>\n<p>&#8220;Yak\u0131n zamanda Wagner grubunun komutas\u0131n\u0131n ola\u011fan\u00fcst\u00fc bir toplant\u0131s\u0131n\u0131n yap\u0131laca\u011f\u0131n\u0131 ve bundan sonra at\u0131lacak ad\u0131mlar\u0131n ve eylemlerin tart\u0131\u015f\u0131laca\u011f\u0131n\u0131 d\u00fc\u015f\u00fcn\u00fcyorum. Wagner grubunun en b\u00fcy\u00fck varl\u0131\u011f\u0131n\u0131n bulundu\u011fu yer olan Belarus\u2019taki Aleksandr Luka\u015fenko\u2019nun tepkisi ve davran\u0131\u015flar\u0131 bu s\u00fcre\u00e7te \u00e7ok \u015fey belirleyecek,&#8221; diye ekledi Volkivskyi.<\/p>\n<p>&nbsp;<\/p>\n<p>Kaynak: <a href=\"https:\/\/www.themirror.com\/news\/us-news\/yevgeny-prigozhin-putins-biggest-rival-69693\"><strong>Daily Mirror<\/strong><\/a><\/p>\n","protected":false},"excerpt":{"rendered":"<p>Wagner Grubu\u2019nun \u00fcnl\u00fc paral\u0131 asker lideri Yevgeniy Prigozhin\u2019i ta\u015f\u0131d\u0131\u011f\u0131 d\u00fc\u015f\u00fcn\u00fclen bir \u00f6zel jet Rusya\u2019da d\u00fc\u015ft\u00fc, u\u00e7akta bulunan 10 ki\u015finin tamam\u0131 hayat\u0131n\u0131 kaybetti. Bu olay, gizemli ko\u015fullar alt\u0131nda ger\u00e7ekle\u015fen Prigozhin\u2019in \u00f6l\u00fcm\u00fc hakk\u0131nda spek\u00fclasyonlar\u0131 art\u0131rd\u0131. Bir\u00e7ok ki\u015fi, d\u00fc\u015fmanlar\u0131n\u0131n gizemli \u015fekilde ortadan kayboldu\u011fu veya \u00f6ld\u00fc\u011f\u00fc bilinen Rusya Devlet Ba\u015fkan\u0131 Vladimir Putin\u2019e bak\u0131yor. Ancak bir jeopolitik uzman, Prigozhin\u2019in \u00f6l\u00fcm\u00fcnden [&hellip;]<\/p>\n","protected":false},"author":3,"featured_media":587,"comment_status":"open","ping_status":"open","sticky":false,"template":"","format":"standard","meta":{"_acf_changed":false,"footnotes":""},"categories":[12,6],"tags":[],"class_list":["post-1013","post","type-post","status-publish","format-standard","has-post-thumbnail","hentry","category-kose-yazi","category-news"],"acf":[],"yoast_head":"<!-- This site is optimized with the Yoast SEO plugin v27.4 - https:\/\/yoast.com\/product\/yoast-seo-wordpress\/ -->\n<title>\u00d6ZEL: Uzman, Yevgeny Prigozhin&#039;in \u00f6l\u00fcm\u00fcn\u00fcn Vladimir Putin&#039;in &quot;en b\u00fcy\u00fck rakibine&quot; fayda sa\u011flayaca\u011f\u0131n\u0131 s\u00f6yl\u00fcyor - Dokunulmaz<\/title>\n<meta name=\"robots\" content=\"noindex, follow, max-snippet:-1, max-image-preview:large, max-video-preview:-1\" \/>\n<meta property=\"og:locale\" content=\"tr_TR\" \/>\n<meta property=\"og:type\" content=\"article\" \/>\n<meta property=\"og:title\" content=\"\u00d6ZEL: Uzman, Yevgeny Prigozhin&#039;in \u00f6l\u00fcm\u00fcn\u00fcn Vladimir Putin&#039;in &quot;en b\u00fcy\u00fck rakibine&quot; fayda sa\u011flayaca\u011f\u0131n\u0131 s\u00f6yl\u00fcyor - Dokunulmaz\" \/>\n<meta property=\"og:description\" content=\"Wagner Grubu\u2019nun \u00fcnl\u00fc paral\u0131 asker lideri Yevgeniy Prigozhin\u2019i ta\u015f\u0131d\u0131\u011f\u0131 d\u00fc\u015f\u00fcn\u00fclen bir \u00f6zel jet Rusya\u2019da d\u00fc\u015ft\u00fc, u\u00e7akta bulunan 10 ki\u015finin tamam\u0131 hayat\u0131n\u0131 kaybetti. Bu olay, gizemli ko\u015fullar alt\u0131nda ger\u00e7ekle\u015fen Prigozhin\u2019in \u00f6l\u00fcm\u00fc hakk\u0131nda spek\u00fclasyonlar\u0131 art\u0131rd\u0131. Bir\u00e7ok ki\u015fi, d\u00fc\u015fmanlar\u0131n\u0131n gizemli \u015fekilde ortadan kayboldu\u011fu veya \u00f6ld\u00fc\u011f\u00fc bilinen Rusya Devlet Ba\u015fkan\u0131 Vladimir Putin\u2019e bak\u0131yor. Ancak bir jeopolitik uzman, Prigozhin\u2019in \u00f6l\u00fcm\u00fcnden [&hellip;]\" \/>\n<meta property=\"og:url\" content=\"https:\/\/dokunulmaz.com.tr\/?p=1013\" \/>\n<meta property=\"og:site_name\" content=\"Dokunulmaz\" \/>\n<meta property=\"article:published_time\" content=\"2024-08-31T08:32:56+00:00\" \/>\n<meta property=\"article:modified_time\" content=\"2024-09-30T08:35:30+00:00\" \/>\n<meta property=\"og:image\" content=\"https:\/\/dokunulmaz.com.tr\/wp-content\/uploads\/2024\/02\/Zelenskiynin-ust-duzey-generali-kovmasinin-ardindan-Ukrayna-yeni-bir-baslangic-arayisinda.jpg\" \/>\n\t<meta property=\"og:image:width\" content=\"1024\" \/>\n\t<meta property=\"og:image:height\" content=\"708\" \/>\n\t<meta property=\"og:image:type\" content=\"image\/jpeg\" \/>\n<meta name=\"author\" content=\"Alp Sevimlisoy\" \/>\n<meta name=\"twitter:card\" content=\"summary_large_image\" \/>\n<meta name=\"twitter:label1\" content=\"Yazan:\" \/>\n\t<meta name=\"twitter:data1\" content=\"Alp Sevimlisoy\" \/>\n\t<meta name=\"twitter:label2\" content=\"Tahmini okuma s\u00fcresi\" \/>\n\t<meta name=\"twitter:data2\" content=\"4 dakika\" \/>\n<script type=\"application\/ld+json\" class=\"yoast-schema-graph\">{\"@context\":\"https:\\\/\\\/schema.org\",\"@graph\":[{\"@type\":\"Article\",\"@id\":\"https:\\\/\\\/dokunulmaz.com.tr\\\/?p=1013#article\",\"isPartOf\":{\"@id\":\"https:\\\/\\\/dokunulmaz.com.tr\\\/?p=1013\"},\"author\":{\"name\":\"Alp Sevimlisoy\",\"@id\":\"https:\\\/\\\/dokunulmaz.com.tr\\\/#\\\/schema\\\/person\\\/0ed65c9c9d18d34834af537108a4ae1f\"},\"headline\":\"\u00d6ZEL: Uzman, Yevgeny Prigozhin&#8217;in \u00f6l\u00fcm\u00fcn\u00fcn Vladimir Putin&#8217;in &#8220;en b\u00fcy\u00fck rakibine&#8221; fayda sa\u011flayaca\u011f\u0131n\u0131 s\u00f6yl\u00fcyor\",\"datePublished\":\"2024-08-31T08:32:56+00:00\",\"dateModified\":\"2024-09-30T08:35:30+00:00\",\"mainEntityOfPage\":{\"@id\":\"https:\\\/\\\/dokunulmaz.com.tr\\\/?p=1013\"},\"wordCount\":942,\"commentCount\":0,\"image\":{\"@id\":\"https:\\\/\\\/dokunulmaz.com.tr\\\/?p=1013#primaryimage\"},\"thumbnailUrl\":\"https:\\\/\\\/dokunulmaz.com.tr\\\/wp-content\\\/uploads\\\/2024\\\/02\\\/Zelenskiynin-ust-duzey-generali-kovmasinin-ardindan-Ukrayna-yeni-bir-baslangic-arayisinda.jpg\",\"articleSection\":[\"K\u00f6\u015fe Yaz\u0131\",\"News\"],\"inLanguage\":\"tr\"},{\"@type\":\"WebPage\",\"@id\":\"https:\\\/\\\/dokunulmaz.com.tr\\\/?p=1013\",\"url\":\"https:\\\/\\\/dokunulmaz.com.tr\\\/?p=1013\",\"name\":\"\u00d6ZEL: Uzman, Yevgeny Prigozhin'in \u00f6l\u00fcm\u00fcn\u00fcn Vladimir Putin'in \\\"en b\u00fcy\u00fck rakibine\\\" fayda sa\u011flayaca\u011f\u0131n\u0131 s\u00f6yl\u00fcyor - Dokunulmaz\",\"isPartOf\":{\"@id\":\"https:\\\/\\\/dokunulmaz.com.tr\\\/#website\"},\"primaryImageOfPage\":{\"@id\":\"https:\\\/\\\/dokunulmaz.com.tr\\\/?p=1013#primaryimage\"},\"image\":{\"@id\":\"https:\\\/\\\/dokunulmaz.com.tr\\\/?p=1013#primaryimage\"},\"thumbnailUrl\":\"https:\\\/\\\/dokunulmaz.com.tr\\\/wp-content\\\/uploads\\\/2024\\\/02\\\/Zelenskiynin-ust-duzey-generali-kovmasinin-ardindan-Ukrayna-yeni-bir-baslangic-arayisinda.jpg\",\"datePublished\":\"2024-08-31T08:32:56+00:00\",\"dateModified\":\"2024-09-30T08:35:30+00:00\",\"author\":{\"@id\":\"https:\\\/\\\/dokunulmaz.com.tr\\\/#\\\/schema\\\/person\\\/0ed65c9c9d18d34834af537108a4ae1f\"},\"breadcrumb\":{\"@id\":\"https:\\\/\\\/dokunulmaz.com.tr\\\/?p=1013#breadcrumb\"},\"inLanguage\":\"tr\",\"potentialAction\":[{\"@type\":\"ReadAction\",\"target\":[\"https:\\\/\\\/dokunulmaz.com.tr\\\/?p=1013\"]}]},{\"@type\":\"ImageObject\",\"inLanguage\":\"tr\",\"@id\":\"https:\\\/\\\/dokunulmaz.com.tr\\\/?p=1013#primaryimage\",\"url\":\"https:\\\/\\\/dokunulmaz.com.tr\\\/wp-content\\\/uploads\\\/2024\\\/02\\\/Zelenskiynin-ust-duzey-generali-kovmasinin-ardindan-Ukrayna-yeni-bir-baslangic-arayisinda.jpg\",\"contentUrl\":\"https:\\\/\\\/dokunulmaz.com.tr\\\/wp-content\\\/uploads\\\/2024\\\/02\\\/Zelenskiynin-ust-duzey-generali-kovmasinin-ardindan-Ukrayna-yeni-bir-baslangic-arayisinda.jpg\",\"width\":1024,\"height\":708},{\"@type\":\"BreadcrumbList\",\"@id\":\"https:\\\/\\\/dokunulmaz.com.tr\\\/?p=1013#breadcrumb\",\"itemListElement\":[{\"@type\":\"ListItem\",\"position\":1,\"name\":\"Home\",\"item\":\"https:\\\/\\\/dokunulmaz.com.tr\\\/\"},{\"@type\":\"ListItem\",\"position\":2,\"name\":\"\u00d6ZEL: Uzman, Yevgeny Prigozhin&#8217;in \u00f6l\u00fcm\u00fcn\u00fcn Vladimir Putin&#8217;in &#8220;en b\u00fcy\u00fck rakibine&#8221; fayda sa\u011flayaca\u011f\u0131n\u0131 s\u00f6yl\u00fcyor\"}]},{\"@type\":\"WebSite\",\"@id\":\"https:\\\/\\\/dokunulmaz.com.tr\\\/#website\",\"url\":\"https:\\\/\\\/dokunulmaz.com.tr\\\/\",\"name\":\"Dokunulmaz\",\"description\":\"dokunulmaz.com.tr\",\"potentialAction\":[{\"@type\":\"SearchAction\",\"target\":{\"@type\":\"EntryPoint\",\"urlTemplate\":\"https:\\\/\\\/dokunulmaz.com.tr\\\/?s={search_term_string}\"},\"query-input\":{\"@type\":\"PropertyValueSpecification\",\"valueRequired\":true,\"valueName\":\"search_term_string\"}}],\"inLanguage\":\"tr\"},{\"@type\":\"Person\",\"@id\":\"https:\\\/\\\/dokunulmaz.com.tr\\\/#\\\/schema\\\/person\\\/0ed65c9c9d18d34834af537108a4ae1f\",\"name\":\"Alp Sevimlisoy\",\"image\":{\"@type\":\"ImageObject\",\"inLanguage\":\"tr\",\"@id\":\"https:\\\/\\\/secure.gravatar.com\\\/avatar\\\/2ba9931499de51f73b04acf25efb5cd712dcb4bc67075a3aca75a818ff62f99f?s=96&d=mm&r=g\",\"url\":\"https:\\\/\\\/secure.gravatar.com\\\/avatar\\\/2ba9931499de51f73b04acf25efb5cd712dcb4bc67075a3aca75a818ff62f99f?s=96&d=mm&r=g\",\"contentUrl\":\"https:\\\/\\\/secure.gravatar.com\\\/avatar\\\/2ba9931499de51f73b04acf25efb5cd712dcb4bc67075a3aca75a818ff62f99f?s=96&d=mm&r=g\",\"caption\":\"Alp Sevimlisoy\"},\"url\":\"https:\\\/\\\/dokunulmaz.com.tr\\\/?author=3\"}]}<\/script>\n<!-- \/ Yoast SEO plugin. -->","yoast_head_json":{"title":"\u00d6ZEL: Uzman, Yevgeny Prigozhin'in \u00f6l\u00fcm\u00fcn\u00fcn Vladimir Putin'in \"en b\u00fcy\u00fck rakibine\" fayda sa\u011flayaca\u011f\u0131n\u0131 s\u00f6yl\u00fcyor - Dokunulmaz","robots":{"index":"noindex","follow":"follow","max-snippet":"max-snippet:-1","max-image-preview":"max-image-preview:large","max-video-preview":"max-video-preview:-1"},"og_locale":"tr_TR","og_type":"article","og_title":"\u00d6ZEL: Uzman, Yevgeny Prigozhin'in \u00f6l\u00fcm\u00fcn\u00fcn Vladimir Putin'in \"en b\u00fcy\u00fck rakibine\" fayda sa\u011flayaca\u011f\u0131n\u0131 s\u00f6yl\u00fcyor - Dokunulmaz","og_description":"Wagner Grubu\u2019nun \u00fcnl\u00fc paral\u0131 asker lideri Yevgeniy Prigozhin\u2019i ta\u015f\u0131d\u0131\u011f\u0131 d\u00fc\u015f\u00fcn\u00fclen bir \u00f6zel jet Rusya\u2019da d\u00fc\u015ft\u00fc, u\u00e7akta bulunan 10 ki\u015finin tamam\u0131 hayat\u0131n\u0131 kaybetti. Bu olay, gizemli ko\u015fullar alt\u0131nda ger\u00e7ekle\u015fen Prigozhin\u2019in \u00f6l\u00fcm\u00fc hakk\u0131nda spek\u00fclasyonlar\u0131 art\u0131rd\u0131. Bir\u00e7ok ki\u015fi, d\u00fc\u015fmanlar\u0131n\u0131n gizemli \u015fekilde ortadan kayboldu\u011fu veya \u00f6ld\u00fc\u011f\u00fc bilinen Rusya Devlet Ba\u015fkan\u0131 Vladimir Putin\u2019e bak\u0131yor. Ancak bir jeopolitik uzman, Prigozhin\u2019in \u00f6l\u00fcm\u00fcnden [&hellip;]","og_url":"https:\/\/dokunulmaz.com.tr\/?p=1013","og_site_name":"Dokunulmaz","article_published_time":"2024-08-31T08:32:56+00:00","article_modified_time":"2024-09-30T08:35:30+00:00","og_image":[{"width":1024,"height":708,"url":"https:\/\/dokunulmaz.com.tr\/wp-content\/uploads\/2024\/02\/Zelenskiynin-ust-duzey-generali-kovmasinin-ardindan-Ukrayna-yeni-bir-baslangic-arayisinda.jpg","type":"image\/jpeg"}],"author":"Alp Sevimlisoy","twitter_card":"summary_large_image","twitter_misc":{"Yazan:":"Alp Sevimlisoy","Tahmini okuma s\u00fcresi":"4 dakika"},"schema":{"@context":"https:\/\/schema.org","@graph":[{"@type":"Article","@id":"https:\/\/dokunulmaz.com.tr\/?p=1013#article","isPartOf":{"@id":"https:\/\/dokunulmaz.com.tr\/?p=1013"},"author":{"name":"Alp Sevimlisoy","@id":"https:\/\/dokunulmaz.com.tr\/#\/schema\/person\/0ed65c9c9d18d34834af537108a4ae1f"},"headline":"\u00d6ZEL: Uzman, Yevgeny Prigozhin&#8217;in \u00f6l\u00fcm\u00fcn\u00fcn Vladimir Putin&#8217;in &#8220;en b\u00fcy\u00fck rakibine&#8221; fayda sa\u011flayaca\u011f\u0131n\u0131 s\u00f6yl\u00fcyor","datePublished":"2024-08-31T08:32:56+00:00","dateModified":"2024-09-30T08:35:30+00:00","mainEntityOfPage":{"@id":"https:\/\/dokunulmaz.com.tr\/?p=1013"},"wordCount":942,"commentCount":0,"image":{"@id":"https:\/\/dokunulmaz.com.tr\/?p=1013#primaryimage"},"thumbnailUrl":"https:\/\/dokunulmaz.com.tr\/wp-content\/uploads\/2024\/02\/Zelenskiynin-ust-duzey-generali-kovmasinin-ardindan-Ukrayna-yeni-bir-baslangic-arayisinda.jpg","articleSection":["K\u00f6\u015fe Yaz\u0131","News"],"inLanguage":"tr"},{"@type":"WebPage","@id":"https:\/\/dokunulmaz.com.tr\/?p=1013","url":"https:\/\/dokunulmaz.com.tr\/?p=1013","name":"\u00d6ZEL: Uzman, Yevgeny Prigozhin'in \u00f6l\u00fcm\u00fcn\u00fcn Vladimir Putin'in \"en b\u00fcy\u00fck rakibine\" fayda sa\u011flayaca\u011f\u0131n\u0131 s\u00f6yl\u00fcyor - Dokunulmaz","isPartOf":{"@id":"https:\/\/dokunulmaz.com.tr\/#website"},"primaryImageOfPage":{"@id":"https:\/\/dokunulmaz.com.tr\/?p=1013#primaryimage"},"image":{"@id":"https:\/\/dokunulmaz.com.tr\/?p=1013#primaryimage"},"thumbnailUrl":"https:\/\/dokunulmaz.com.tr\/wp-content\/uploads\/2024\/02\/Zelenskiynin-ust-duzey-generali-kovmasinin-ardindan-Ukrayna-yeni-bir-baslangic-arayisinda.jpg","datePublished":"2024-08-31T08:32:56+00:00","dateModified":"2024-09-30T08:35:30+00:00","author":{"@id":"https:\/\/dokunulmaz.com.tr\/#\/schema\/person\/0ed65c9c9d18d34834af537108a4ae1f"},"breadcrumb":{"@id":"https:\/\/dokunulmaz.com.tr\/?p=1013#breadcrumb"},"inLanguage":"tr","potentialAction":[{"@type":"ReadAction","target":["https:\/\/dokunulmaz.com.tr\/?p=1013"]}]},{"@type":"ImageObject","inLanguage":"tr","@id":"https:\/\/dokunulmaz.com.tr\/?p=1013#primaryimage","url":"https:\/\/dokunulmaz.com.tr\/wp-content\/uploads\/2024\/02\/Zelenskiynin-ust-duzey-generali-kovmasinin-ardindan-Ukrayna-yeni-bir-baslangic-arayisinda.jpg","contentUrl":"https:\/\/dokunulmaz.com.tr\/wp-content\/uploads\/2024\/02\/Zelenskiynin-ust-duzey-generali-kovmasinin-ardindan-Ukrayna-yeni-bir-baslangic-arayisinda.jpg","width":1024,"height":708},{"@type":"BreadcrumbList","@id":"https:\/\/dokunulmaz.com.tr\/?p=1013#breadcrumb","itemListElement":[{"@type":"ListItem","position":1,"name":"Home","item":"https:\/\/dokunulmaz.com.tr\/"},{"@type":"ListItem","position":2,"name":"\u00d6ZEL: Uzman, Yevgeny Prigozhin&#8217;in \u00f6l\u00fcm\u00fcn\u00fcn Vladimir Putin&#8217;in &#8220;en b\u00fcy\u00fck rakibine&#8221; fayda sa\u011flayaca\u011f\u0131n\u0131 s\u00f6yl\u00fcyor"}]},{"@type":"WebSite","@id":"https:\/\/dokunulmaz.com.tr\/#website","url":"https:\/\/dokunulmaz.com.tr\/","name":"Dokunulmaz","description":"dokunulmaz.com.tr","potentialAction":[{"@type":"SearchAction","target":{"@type":"EntryPoint","urlTemplate":"https:\/\/dokunulmaz.com.tr\/?s={search_term_string}"},"query-input":{"@type":"PropertyValueSpecification","valueRequired":true,"valueName":"search_term_string"}}],"inLanguage":"tr"},{"@type":"Person","@id":"https:\/\/dokunulmaz.com.tr\/#\/schema\/person\/0ed65c9c9d18d34834af537108a4ae1f","name":"Alp Sevimlisoy","image":{"@type":"ImageObject","inLanguage":"tr","@id":"https:\/\/secure.gravatar.com\/avatar\/2ba9931499de51f73b04acf25efb5cd712dcb4bc67075a3aca75a818ff62f99f?s=96&d=mm&r=g","url":"https:\/\/secure.gravatar.com\/avatar\/2ba9931499de51f73b04acf25efb5cd712dcb4bc67075a3aca75a818ff62f99f?s=96&d=mm&r=g","contentUrl":"https:\/\/secure.gravatar.com\/avatar\/2ba9931499de51f73b04acf25efb5cd712dcb4bc67075a3aca75a818ff62f99f?s=96&d=mm&r=g","caption":"Alp Sevimlisoy"},"url":"https:\/\/dokunulmaz.com.tr\/?author=3"}]}},"_links":{"self":[{"href":"https:\/\/dokunulmaz.com.tr\/index.php?rest_route=\/wp\/v2\/posts\/1013","targetHints":{"allow":["GET"]}}],"collection":[{"href":"https:\/\/dokunulmaz.com.tr\/index.php?rest_route=\/wp\/v2\/posts"}],"about":[{"href":"https:\/\/dokunulmaz.com.tr\/index.php?rest_route=\/wp\/v2\/types\/post"}],"author":[{"embeddable":true,"href":"https:\/\/dokunulmaz.com.tr\/index.php?rest_route=\/wp\/v2\/users\/3"}],"replies":[{"embeddable":true,"href":"https:\/\/dokunulmaz.com.tr\/index.php?rest_route=%2Fwp%2Fv2%2Fcomments&post=1013"}],"version-history":[{"count":1,"href":"https:\/\/dokunulmaz.com.tr\/index.php?rest_route=\/wp\/v2\/posts\/1013\/revisions"}],"predecessor-version":[{"id":1014,"href":"https:\/\/dokunulmaz.com.tr\/index.php?rest_route=\/wp\/v2\/posts\/1013\/revisions\/1014"}],"wp:featuredmedia":[{"embeddable":true,"href":"https:\/\/dokunulmaz.com.tr\/index.php?rest_route=\/wp\/v2\/media\/587"}],"wp:attachment":[{"href":"https:\/\/dokunulmaz.com.tr\/index.php?rest_route=%2Fwp%2Fv2%2Fmedia&parent=1013"}],"wp:term":[{"taxonomy":"category","embeddable":true,"href":"https:\/\/dokunulmaz.com.tr\/index.php?rest_route=%2Fwp%2Fv2%2Fcategories&post=1013"},{"taxonomy":"post_tag","embeddable":true,"href":"https:\/\/dokunulmaz.com.tr\/index.php?rest_route=%2Fwp%2Fv2%2Ftags&post=1013"}],"curies":[{"name":"wp","href":"https:\/\/api.w.org\/{rel}","templated":true}]}}