{"id":1075,"date":"2026-03-25T14:19:27","date_gmt":"2026-03-25T14:19:27","guid":{"rendered":"https:\/\/dokunulmaz.com.tr\/?p=1075"},"modified":"2026-04-28T14:24:10","modified_gmt":"2026-04-28T14:24:10","slug":"iran-savasi-ve-turk-devletleri-teskilati-jeopolitik-stratejist-ve-ulusal-guvenlik-uzmani-alp-sevimlisoy-ile-soylesi","status":"publish","type":"post","link":"https:\/\/dokunulmaz.com.tr\/?p=1075","title":{"rendered":"\u0130ran Sava\u015f\u0131 ve T\u00fcrk Devletleri Te\u015fkilat\u0131: Jeopolitik stratejist ve ulusal g\u00fcvenlik uzman\u0131 Alp Sevimlisoy ile s\u00f6yle\u015fi"},"content":{"rendered":"<p data-start=\"122\" data-end=\"445\">\u0130ran\u2019da rejimi de\u011fi\u015ftirmeye y\u00f6nelik bir sava\u015f\u0131n k\u0131sa s\u00fcrede ve itirazs\u0131z \u015fekilde sonu\u00e7lanmas\u0131 pek olas\u0131 g\u00f6r\u00fcnm\u00fcyor. <span class=\"hover:entity-accent entity-underline inline cursor-pointer align-baseline\"><span class=\"whitespace-normal\">Islamic Revolutionary Guard Corps<\/span><\/span> (IRGC) \u015fimdiden kom\u015fu \u00fclkelere ve <span class=\"hover:entity-accent entity-underline inline cursor-pointer align-baseline\"><span class=\"whitespace-normal\">Diego Garcia<\/span><\/span> ile <span class=\"hover:entity-accent entity-underline inline cursor-pointer align-baseline\"><span class=\"whitespace-normal\">Cyprus<\/span><\/span> gibi daha uzak b\u00f6lgelere f\u00fcze sald\u0131r\u0131lar\u0131 d\u00fczenliyor.<\/p>\n<p data-start=\"447\" data-end=\"611\">Mevcut 5 g\u00fcnl\u00fck \u00e7at\u0131\u015fma aras\u0131 (battle pause), bir ate\u015fkese d\u00f6n\u00fc\u015fecek gibi g\u00f6r\u00fcnm\u00fcyor: rejime y\u00f6nelik varolu\u015fsal tehdit, \u00f6l\u00fcm\u00fcne bir direni\u015fle kar\u015f\u0131l\u0131k bulacakt\u0131r.<\/p>\n<p data-start=\"613\" data-end=\"712\" data-is-last-node=\"\" data-is-only-node=\"\">Kara birlikleri, bitmeyen sava\u015flar, h\u0131zla artan benzin fiyatlar\u0131\u2026 Bu \u00e7at\u0131\u015fma bizi nereye g\u00f6t\u00fcrecek?<\/p>\n<p data-start=\"299\" data-end=\"548\">Kaynak:<strong> <a href=\"https:\/\/open.spotify.com\/episode\/5brMa4H3aZUATiqXreS3JU?go=1&amp;sp_cid=5e7b3870b83d646bb6b9931938d500bc&amp;utm_source=embed_player_p&amp;utm_medium=desktop&amp;si=B65RtfXER8Wf5EEyHBuWTA&amp;nd=1&amp;dlsi=91027184b9bd4675\">Spotify<\/a><\/strong><\/p>\n","protected":false},"excerpt":{"rendered":"<p>\u0130ran\u2019da rejimi de\u011fi\u015ftirmeye y\u00f6nelik bir sava\u015f\u0131n k\u0131sa s\u00fcrede ve itirazs\u0131z \u015fekilde sonu\u00e7lanmas\u0131 pek olas\u0131 g\u00f6r\u00fcnm\u00fcyor. Islamic Revolutionary Guard Corps (IRGC) \u015fimdiden kom\u015fu \u00fclkelere ve Diego Garcia ile Cyprus gibi daha uzak b\u00f6lgelere f\u00fcze sald\u0131r\u0131lar\u0131 d\u00fczenliyor. Mevcut 5 g\u00fcnl\u00fck \u00e7at\u0131\u015fma aras\u0131 (battle pause), bir ate\u015fkese d\u00f6n\u00fc\u015fecek gibi g\u00f6r\u00fcnm\u00fcyor: rejime y\u00f6nelik varolu\u015fsal tehdit, \u00f6l\u00fcm\u00fcne bir direni\u015fle kar\u015f\u0131l\u0131k [&hellip;]<\/p>\n","protected":false},"author":3,"featured_media":617,"comment_status":"closed","ping_status":"closed","sticky":false,"template":"","format":"standard","meta":{"_acf_changed":false,"footnotes":""},"categories":[6,13],"tags":[],"class_list":["post-1075","post","type-post","status-publish","format-standard","has-post-thumbnail","hentry","category-news","category-roportaj"],"acf":[],"yoast_head":"<!-- This site is optimized with the Yoast SEO plugin v27.4 - https:\/\/yoast.com\/product\/yoast-seo-wordpress\/ -->\n<title>\u0130ran Sava\u015f\u0131 ve T\u00fcrk Devletleri Te\u015fkilat\u0131: Jeopolitik stratejist ve ulusal g\u00fcvenlik uzman\u0131 Alp Sevimlisoy ile s\u00f6yle\u015fi - Dokunulmaz<\/title>\n<meta name=\"robots\" content=\"noindex, follow, max-snippet:-1, max-image-preview:large, max-video-preview:-1\" \/>\n<meta property=\"og:locale\" content=\"tr_TR\" \/>\n<meta property=\"og:type\" content=\"article\" \/>\n<meta property=\"og:title\" content=\"\u0130ran Sava\u015f\u0131 ve T\u00fcrk Devletleri Te\u015fkilat\u0131: Jeopolitik stratejist ve ulusal g\u00fcvenlik uzman\u0131 Alp Sevimlisoy ile s\u00f6yle\u015fi - Dokunulmaz\" \/>\n<meta property=\"og:description\" content=\"\u0130ran\u2019da rejimi de\u011fi\u015ftirmeye y\u00f6nelik bir sava\u015f\u0131n k\u0131sa s\u00fcrede ve itirazs\u0131z \u015fekilde sonu\u00e7lanmas\u0131 pek olas\u0131 g\u00f6r\u00fcnm\u00fcyor. Islamic Revolutionary Guard Corps (IRGC) \u015fimdiden kom\u015fu \u00fclkelere ve Diego Garcia ile Cyprus gibi daha uzak b\u00f6lgelere f\u00fcze sald\u0131r\u0131lar\u0131 d\u00fczenliyor. Mevcut 5 g\u00fcnl\u00fck \u00e7at\u0131\u015fma aras\u0131 (battle pause), bir ate\u015fkese d\u00f6n\u00fc\u015fecek gibi g\u00f6r\u00fcnm\u00fcyor: rejime y\u00f6nelik varolu\u015fsal tehdit, \u00f6l\u00fcm\u00fcne bir direni\u015fle kar\u015f\u0131l\u0131k [&hellip;]\" \/>\n<meta property=\"og:url\" content=\"https:\/\/dokunulmaz.com.tr\/?p=1075\" \/>\n<meta property=\"og:site_name\" content=\"Dokunulmaz\" \/>\n<meta property=\"article:published_time\" content=\"2026-03-25T14:19:27+00:00\" \/>\n<meta property=\"article:modified_time\" content=\"2026-04-28T14:24:10+00:00\" \/>\n<meta property=\"og:image\" content=\"https:\/\/dokunulmaz.com.tr\/wp-content\/uploads\/2024\/03\/AA-33617692.png\" \/>\n\t<meta property=\"og:image:width\" content=\"1024\" \/>\n\t<meta property=\"og:image:height\" content=\"708\" \/>\n\t<meta property=\"og:image:type\" content=\"image\/png\" \/>\n<meta name=\"author\" content=\"Alp Sevimlisoy\" \/>\n<meta name=\"twitter:card\" content=\"summary_large_image\" \/>\n<meta name=\"twitter:label1\" content=\"Yazan:\" \/>\n\t<meta name=\"twitter:data1\" content=\"Alp Sevimlisoy\" \/>\n\t<meta name=\"twitter:label2\" content=\"Tahmini okuma s\u00fcresi\" \/>\n\t<meta name=\"twitter:data2\" content=\"1 dakika\" \/>\n<script type=\"application\/ld+json\" class=\"yoast-schema-graph\">{\"@context\":\"https:\\\/\\\/schema.org\",\"@graph\":[{\"@type\":\"Article\",\"@id\":\"https:\\\/\\\/dokunulmaz.com.tr\\\/?p=1075#article\",\"isPartOf\":{\"@id\":\"https:\\\/\\\/dokunulmaz.com.tr\\\/?p=1075\"},\"author\":{\"name\":\"Alp Sevimlisoy\",\"@id\":\"https:\\\/\\\/dokunulmaz.com.tr\\\/#\\\/schema\\\/person\\\/0ed65c9c9d18d34834af537108a4ae1f\"},\"headline\":\"\u0130ran Sava\u015f\u0131 ve T\u00fcrk Devletleri Te\u015fkilat\u0131: Jeopolitik stratejist ve ulusal g\u00fcvenlik uzman\u0131 Alp Sevimlisoy ile s\u00f6yle\u015fi\",\"datePublished\":\"2026-03-25T14:19:27+00:00\",\"dateModified\":\"2026-04-28T14:24:10+00:00\",\"mainEntityOfPage\":{\"@id\":\"https:\\\/\\\/dokunulmaz.com.tr\\\/?p=1075\"},\"wordCount\":131,\"image\":{\"@id\":\"https:\\\/\\\/dokunulmaz.com.tr\\\/?p=1075#primaryimage\"},\"thumbnailUrl\":\"https:\\\/\\\/dokunulmaz.com.tr\\\/wp-content\\\/uploads\\\/2024\\\/03\\\/AA-33617692.png\",\"articleSection\":[\"News\",\"R\u00f6portaj\"],\"inLanguage\":\"tr\"},{\"@type\":\"WebPage\",\"@id\":\"https:\\\/\\\/dokunulmaz.com.tr\\\/?p=1075\",\"url\":\"https:\\\/\\\/dokunulmaz.com.tr\\\/?p=1075\",\"name\":\"\u0130ran Sava\u015f\u0131 ve T\u00fcrk Devletleri Te\u015fkilat\u0131: Jeopolitik stratejist ve ulusal g\u00fcvenlik uzman\u0131 Alp Sevimlisoy ile s\u00f6yle\u015fi - Dokunulmaz\",\"isPartOf\":{\"@id\":\"https:\\\/\\\/dokunulmaz.com.tr\\\/#website\"},\"primaryImageOfPage\":{\"@id\":\"https:\\\/\\\/dokunulmaz.com.tr\\\/?p=1075#primaryimage\"},\"image\":{\"@id\":\"https:\\\/\\\/dokunulmaz.com.tr\\\/?p=1075#primaryimage\"},\"thumbnailUrl\":\"https:\\\/\\\/dokunulmaz.com.tr\\\/wp-content\\\/uploads\\\/2024\\\/03\\\/AA-33617692.png\",\"datePublished\":\"2026-03-25T14:19:27+00:00\",\"dateModified\":\"2026-04-28T14:24:10+00:00\",\"author\":{\"@id\":\"https:\\\/\\\/dokunulmaz.com.tr\\\/#\\\/schema\\\/person\\\/0ed65c9c9d18d34834af537108a4ae1f\"},\"breadcrumb\":{\"@id\":\"https:\\\/\\\/dokunulmaz.com.tr\\\/?p=1075#breadcrumb\"},\"inLanguage\":\"tr\",\"potentialAction\":[{\"@type\":\"ReadAction\",\"target\":[\"https:\\\/\\\/dokunulmaz.com.tr\\\/?p=1075\"]}]},{\"@type\":\"ImageObject\",\"inLanguage\":\"tr\",\"@id\":\"https:\\\/\\\/dokunulmaz.com.tr\\\/?p=1075#primaryimage\",\"url\":\"https:\\\/\\\/dokunulmaz.com.tr\\\/wp-content\\\/uploads\\\/2024\\\/03\\\/AA-33617692.png\",\"contentUrl\":\"https:\\\/\\\/dokunulmaz.com.tr\\\/wp-content\\\/uploads\\\/2024\\\/03\\\/AA-33617692.png\",\"width\":1024,\"height\":708},{\"@type\":\"BreadcrumbList\",\"@id\":\"https:\\\/\\\/dokunulmaz.com.tr\\\/?p=1075#breadcrumb\",\"itemListElement\":[{\"@type\":\"ListItem\",\"position\":1,\"name\":\"Home\",\"item\":\"https:\\\/\\\/dokunulmaz.com.tr\\\/\"},{\"@type\":\"ListItem\",\"position\":2,\"name\":\"\u0130ran Sava\u015f\u0131 ve T\u00fcrk Devletleri Te\u015fkilat\u0131: Jeopolitik stratejist ve ulusal g\u00fcvenlik uzman\u0131 Alp Sevimlisoy ile s\u00f6yle\u015fi\"}]},{\"@type\":\"WebSite\",\"@id\":\"https:\\\/\\\/dokunulmaz.com.tr\\\/#website\",\"url\":\"https:\\\/\\\/dokunulmaz.com.tr\\\/\",\"name\":\"Dokunulmaz\",\"description\":\"dokunulmaz.com.tr\",\"potentialAction\":[{\"@type\":\"SearchAction\",\"target\":{\"@type\":\"EntryPoint\",\"urlTemplate\":\"https:\\\/\\\/dokunulmaz.com.tr\\\/?s={search_term_string}\"},\"query-input\":{\"@type\":\"PropertyValueSpecification\",\"valueRequired\":true,\"valueName\":\"search_term_string\"}}],\"inLanguage\":\"tr\"},{\"@type\":\"Person\",\"@id\":\"https:\\\/\\\/dokunulmaz.com.tr\\\/#\\\/schema\\\/person\\\/0ed65c9c9d18d34834af537108a4ae1f\",\"name\":\"Alp Sevimlisoy\",\"image\":{\"@type\":\"ImageObject\",\"inLanguage\":\"tr\",\"@id\":\"https:\\\/\\\/secure.gravatar.com\\\/avatar\\\/2ba9931499de51f73b04acf25efb5cd712dcb4bc67075a3aca75a818ff62f99f?s=96&d=mm&r=g\",\"url\":\"https:\\\/\\\/secure.gravatar.com\\\/avatar\\\/2ba9931499de51f73b04acf25efb5cd712dcb4bc67075a3aca75a818ff62f99f?s=96&d=mm&r=g\",\"contentUrl\":\"https:\\\/\\\/secure.gravatar.com\\\/avatar\\\/2ba9931499de51f73b04acf25efb5cd712dcb4bc67075a3aca75a818ff62f99f?s=96&d=mm&r=g\",\"caption\":\"Alp Sevimlisoy\"},\"url\":\"https:\\\/\\\/dokunulmaz.com.tr\\\/?author=3\"}]}<\/script>\n<!-- \/ Yoast SEO plugin. -->","yoast_head_json":{"title":"\u0130ran Sava\u015f\u0131 ve T\u00fcrk Devletleri Te\u015fkilat\u0131: Jeopolitik stratejist ve ulusal g\u00fcvenlik uzman\u0131 Alp Sevimlisoy ile s\u00f6yle\u015fi - Dokunulmaz","robots":{"index":"noindex","follow":"follow","max-snippet":"max-snippet:-1","max-image-preview":"max-image-preview:large","max-video-preview":"max-video-preview:-1"},"og_locale":"tr_TR","og_type":"article","og_title":"\u0130ran Sava\u015f\u0131 ve T\u00fcrk Devletleri Te\u015fkilat\u0131: Jeopolitik stratejist ve ulusal g\u00fcvenlik uzman\u0131 Alp Sevimlisoy ile s\u00f6yle\u015fi - Dokunulmaz","og_description":"\u0130ran\u2019da rejimi de\u011fi\u015ftirmeye y\u00f6nelik bir sava\u015f\u0131n k\u0131sa s\u00fcrede ve itirazs\u0131z \u015fekilde sonu\u00e7lanmas\u0131 pek olas\u0131 g\u00f6r\u00fcnm\u00fcyor. Islamic Revolutionary Guard Corps (IRGC) \u015fimdiden kom\u015fu \u00fclkelere ve Diego Garcia ile Cyprus gibi daha uzak b\u00f6lgelere f\u00fcze sald\u0131r\u0131lar\u0131 d\u00fczenliyor. Mevcut 5 g\u00fcnl\u00fck \u00e7at\u0131\u015fma aras\u0131 (battle pause), bir ate\u015fkese d\u00f6n\u00fc\u015fecek gibi g\u00f6r\u00fcnm\u00fcyor: rejime y\u00f6nelik varolu\u015fsal tehdit, \u00f6l\u00fcm\u00fcne bir direni\u015fle kar\u015f\u0131l\u0131k [&hellip;]","og_url":"https:\/\/dokunulmaz.com.tr\/?p=1075","og_site_name":"Dokunulmaz","article_published_time":"2026-03-25T14:19:27+00:00","article_modified_time":"2026-04-28T14:24:10+00:00","og_image":[{"width":1024,"height":708,"url":"https:\/\/dokunulmaz.com.tr\/wp-content\/uploads\/2024\/03\/AA-33617692.png","type":"image\/png"}],"author":"Alp Sevimlisoy","twitter_card":"summary_large_image","twitter_misc":{"Yazan:":"Alp Sevimlisoy","Tahmini okuma s\u00fcresi":"1 dakika"},"schema":{"@context":"https:\/\/schema.org","@graph":[{"@type":"Article","@id":"https:\/\/dokunulmaz.com.tr\/?p=1075#article","isPartOf":{"@id":"https:\/\/dokunulmaz.com.tr\/?p=1075"},"author":{"name":"Alp Sevimlisoy","@id":"https:\/\/dokunulmaz.com.tr\/#\/schema\/person\/0ed65c9c9d18d34834af537108a4ae1f"},"headline":"\u0130ran Sava\u015f\u0131 ve T\u00fcrk Devletleri Te\u015fkilat\u0131: Jeopolitik stratejist ve ulusal g\u00fcvenlik uzman\u0131 Alp Sevimlisoy ile s\u00f6yle\u015fi","datePublished":"2026-03-25T14:19:27+00:00","dateModified":"2026-04-28T14:24:10+00:00","mainEntityOfPage":{"@id":"https:\/\/dokunulmaz.com.tr\/?p=1075"},"wordCount":131,"image":{"@id":"https:\/\/dokunulmaz.com.tr\/?p=1075#primaryimage"},"thumbnailUrl":"https:\/\/dokunulmaz.com.tr\/wp-content\/uploads\/2024\/03\/AA-33617692.png","articleSection":["News","R\u00f6portaj"],"inLanguage":"tr"},{"@type":"WebPage","@id":"https:\/\/dokunulmaz.com.tr\/?p=1075","url":"https:\/\/dokunulmaz.com.tr\/?p=1075","name":"\u0130ran Sava\u015f\u0131 ve T\u00fcrk Devletleri Te\u015fkilat\u0131: Jeopolitik stratejist ve ulusal g\u00fcvenlik uzman\u0131 Alp Sevimlisoy ile s\u00f6yle\u015fi - Dokunulmaz","isPartOf":{"@id":"https:\/\/dokunulmaz.com.tr\/#website"},"primaryImageOfPage":{"@id":"https:\/\/dokunulmaz.com.tr\/?p=1075#primaryimage"},"image":{"@id":"https:\/\/dokunulmaz.com.tr\/?p=1075#primaryimage"},"thumbnailUrl":"https:\/\/dokunulmaz.com.tr\/wp-content\/uploads\/2024\/03\/AA-33617692.png","datePublished":"2026-03-25T14:19:27+00:00","dateModified":"2026-04-28T14:24:10+00:00","author":{"@id":"https:\/\/dokunulmaz.com.tr\/#\/schema\/person\/0ed65c9c9d18d34834af537108a4ae1f"},"breadcrumb":{"@id":"https:\/\/dokunulmaz.com.tr\/?p=1075#breadcrumb"},"inLanguage":"tr","potentialAction":[{"@type":"ReadAction","target":["https:\/\/dokunulmaz.com.tr\/?p=1075"]}]},{"@type":"ImageObject","inLanguage":"tr","@id":"https:\/\/dokunulmaz.com.tr\/?p=1075#primaryimage","url":"https:\/\/dokunulmaz.com.tr\/wp-content\/uploads\/2024\/03\/AA-33617692.png","contentUrl":"https:\/\/dokunulmaz.com.tr\/wp-content\/uploads\/2024\/03\/AA-33617692.png","width":1024,"height":708},{"@type":"BreadcrumbList","@id":"https:\/\/dokunulmaz.com.tr\/?p=1075#breadcrumb","itemListElement":[{"@type":"ListItem","position":1,"name":"Home","item":"https:\/\/dokunulmaz.com.tr\/"},{"@type":"ListItem","position":2,"name":"\u0130ran Sava\u015f\u0131 ve T\u00fcrk Devletleri Te\u015fkilat\u0131: Jeopolitik stratejist ve ulusal g\u00fcvenlik uzman\u0131 Alp Sevimlisoy ile s\u00f6yle\u015fi"}]},{"@type":"WebSite","@id":"https:\/\/dokunulmaz.com.tr\/#website","url":"https:\/\/dokunulmaz.com.tr\/","name":"Dokunulmaz","description":"dokunulmaz.com.tr","potentialAction":[{"@type":"SearchAction","target":{"@type":"EntryPoint","urlTemplate":"https:\/\/dokunulmaz.com.tr\/?s={search_term_string}"},"query-input":{"@type":"PropertyValueSpecification","valueRequired":true,"valueName":"search_term_string"}}],"inLanguage":"tr"},{"@type":"Person","@id":"https:\/\/dokunulmaz.com.tr\/#\/schema\/person\/0ed65c9c9d18d34834af537108a4ae1f","name":"Alp Sevimlisoy","image":{"@type":"ImageObject","inLanguage":"tr","@id":"https:\/\/secure.gravatar.com\/avatar\/2ba9931499de51f73b04acf25efb5cd712dcb4bc67075a3aca75a818ff62f99f?s=96&d=mm&r=g","url":"https:\/\/secure.gravatar.com\/avatar\/2ba9931499de51f73b04acf25efb5cd712dcb4bc67075a3aca75a818ff62f99f?s=96&d=mm&r=g","contentUrl":"https:\/\/secure.gravatar.com\/avatar\/2ba9931499de51f73b04acf25efb5cd712dcb4bc67075a3aca75a818ff62f99f?s=96&d=mm&r=g","caption":"Alp Sevimlisoy"},"url":"https:\/\/dokunulmaz.com.tr\/?author=3"}]}},"_links":{"self":[{"href":"https:\/\/dokunulmaz.com.tr\/index.php?rest_route=\/wp\/v2\/posts\/1075","targetHints":{"allow":["GET"]}}],"collection":[{"href":"https:\/\/dokunulmaz.com.tr\/index.php?rest_route=\/wp\/v2\/posts"}],"about":[{"href":"https:\/\/dokunulmaz.com.tr\/index.php?rest_route=\/wp\/v2\/types\/post"}],"author":[{"embeddable":true,"href":"https:\/\/dokunulmaz.com.tr\/index.php?rest_route=\/wp\/v2\/users\/3"}],"replies":[{"embeddable":true,"href":"https:\/\/dokunulmaz.com.tr\/index.php?rest_route=%2Fwp%2Fv2%2Fcomments&post=1075"}],"version-history":[{"count":2,"href":"https:\/\/dokunulmaz.com.tr\/index.php?rest_route=\/wp\/v2\/posts\/1075\/revisions"}],"predecessor-version":[{"id":1077,"href":"https:\/\/dokunulmaz.com.tr\/index.php?rest_route=\/wp\/v2\/posts\/1075\/revisions\/1077"}],"wp:featuredmedia":[{"embeddable":true,"href":"https:\/\/dokunulmaz.com.tr\/index.php?rest_route=\/wp\/v2\/media\/617"}],"wp:attachment":[{"href":"https:\/\/dokunulmaz.com.tr\/index.php?rest_route=%2Fwp%2Fv2%2Fmedia&parent=1075"}],"wp:term":[{"taxonomy":"category","embeddable":true,"href":"https:\/\/dokunulmaz.com.tr\/index.php?rest_route=%2Fwp%2Fv2%2Fcategories&post=1075"},{"taxonomy":"post_tag","embeddable":true,"href":"https:\/\/dokunulmaz.com.tr\/index.php?rest_route=%2Fwp%2Fv2%2Ftags&post=1075"}],"curies":[{"name":"wp","href":"https:\/\/api.w.org\/{rel}","templated":true}]}}